{"id":8792,"date":"2025-11-14T18:29:35","date_gmt":"2025-11-14T21:29:35","guid":{"rendered":"https:\/\/andaterra.cl\/?p=8792"},"modified":"2025-11-14T18:31:30","modified_gmt":"2025-11-14T21:31:30","slug":"la-crisis-silenciosa-del-productor","status":"publish","type":"post","link":"https:\/\/andaterra.cl\/bl\/la-crisis-silenciosa-del-productor\/","title":{"rendered":"La Crisis Silenciosa del Productor"},"content":{"rendered":"<div class=\"blog-entry-3\">\n<h1><i class=\"fas fa-hand-holding-usd\"><\/i> La Crisis Silenciosa del Productor: El Desaf\u00edo del Ingreso Digno (Living Wage)<\/h1>\n<p>La cadena de valor del caf\u00e9 est\u00e1 rota. El sector se enfrenta al imperativo \u00e9tico de garantizar que la producci\u00f3n sea sostenible para quienes la cultivan.<\/p>\n<hr \/>\n<h2><i class=\"fas fa-frown\"><\/i> Pobreza, Clima y el Desequilibrio de Precios<\/h2>\n<p>El informe del ITC subraya que las &#8220;cuestiones de importancia primordial&#8221; de la industria giran en torno al <strong>Ingreso Digno <em>(Living Wage)<\/em><\/strong> para los peque\u00f1os productores.<\/p>\n<h3><i class=\"fas fa-minus-circle\"><\/i> 1. El Desequilibrio de Precios y Costos<\/h3>\n<p>El precio de bolsa es tan bajo que, para muchos peque\u00f1os productores, el precio de venta ni siquiera cubre los costos b\u00e1sicos de producci\u00f3n. Esto lleva a una pobreza end\u00e9mica y falta de inversi\u00f3n.<\/p>\n<h3><i class=\"fas fa-users-slash\"><\/i> 2. La Crisis Generacional<\/h3>\n<p>La falta de rentabilidad es la ra\u00edz de una <strong>crisis generacional<\/strong>. Los j\u00f3venes ven el caf\u00e9 como una fuente de incertidumbre, lo que provoca la migraci\u00f3n y amenaza el futuro del suministro global.<\/p>\n<h2><i class=\"fas fa-hands-helping\"><\/i> El Camino del Comercio Directo (Direct Trade)<\/h2>\n<p>El auge del caf\u00e9 de especialidad ha popularizado modelos de <strong>Comercio Directo<\/strong>. Esta pr\u00e1ctica implica que los tostadores y compradores pagan precios sustancialmente superiores al precio de bolsa, vinculando el precio a la calidad y garantizando un precio sostenible.<\/p>\n<p><strong>Una Soluci\u00f3n Imprescindible:<\/strong> Para lograr una industria verdaderamente sostenible, la <strong>responsabilidad social y econ\u00f3mica<\/strong> es la base. El sector no puede crecer si la fuente de su materia prima est\u00e1 en riesgo de colapso social.<\/p>\n<\/div>\n","protected":false},"excerpt":{"rendered":"<p>La Crisis Silenciosa del Productor: El Desaf\u00edo del Ingreso Digno (Living Wage) La cadena de valor del caf\u00e9 est\u00e1 rota. El sector se enfrenta al imperativo \u00e9tico de garantizar que la producci\u00f3n sea sostenible para quienes la cultivan. Pobreza, Clima y el Desequilibrio de Precios El informe del ITC subraya que las &#8220;cuestiones de importancia [&hellip;]<\/p>\n","protected":false},"author":1,"featured_media":0,"comment_status":"open","ping_status":"closed","sticky":false,"template":"","format":"standard","meta":{"om_disable_all_campaigns":false,"footnotes":""},"categories":[37],"tags":[],"class_list":["post-8792","post","type-post","status-publish","format-standard","hentry","category-blog"],"_links":{"self":[{"href":"https:\/\/andaterra.cl\/bl\/wp-json\/wp\/v2\/posts\/8792","targetHints":{"allow":["GET"]}}],"collection":[{"href":"https:\/\/andaterra.cl\/bl\/wp-json\/wp\/v2\/posts"}],"about":[{"href":"https:\/\/andaterra.cl\/bl\/wp-json\/wp\/v2\/types\/post"}],"author":[{"embeddable":true,"href":"https:\/\/andaterra.cl\/bl\/wp-json\/wp\/v2\/users\/1"}],"replies":[{"embeddable":true,"href":"https:\/\/andaterra.cl\/bl\/wp-json\/wp\/v2\/comments?post=8792"}],"version-history":[{"count":3,"href":"https:\/\/andaterra.cl\/bl\/wp-json\/wp\/v2\/posts\/8792\/revisions"}],"predecessor-version":[{"id":8797,"href":"https:\/\/andaterra.cl\/bl\/wp-json\/wp\/v2\/posts\/8792\/revisions\/8797"}],"wp:attachment":[{"href":"https:\/\/andaterra.cl\/bl\/wp-json\/wp\/v2\/media?parent=8792"}],"wp:term":[{"taxonomy":"category","embeddable":true,"href":"https:\/\/andaterra.cl\/bl\/wp-json\/wp\/v2\/categories?post=8792"},{"taxonomy":"post_tag","embeddable":true,"href":"https:\/\/andaterra.cl\/bl\/wp-json\/wp\/v2\/tags?post=8792"}],"curies":[{"name":"wp","href":"https:\/\/api.w.org\/{rel}","templated":true}]}}