{"id":8804,"date":"2025-11-14T18:40:26","date_gmt":"2025-11-14T21:40:26","guid":{"rendered":"https:\/\/andaterra.cl\/?p=8804"},"modified":"2025-11-14T18:40:26","modified_gmt":"2025-11-14T21:40:26","slug":"produccion-y-consumo-los-ejes-del-ecosistema-cafetero-global","status":"publish","type":"post","link":"https:\/\/andaterra.cl\/bl\/produccion-y-consumo-los-ejes-del-ecosistema-cafetero-global\/","title":{"rendered":"Producci\u00f3n y Consumo: Los Ejes del Ecosistema Cafetero Global"},"content":{"rendered":"<div class=\"blog-entry-6\">\n<h1><\/h1>\n<p>El mercado del caf\u00e9 es una intrincada red global que conecta a millones de peque\u00f1os agricultores en el Cintur\u00f3n del Caf\u00e9 con miles de millones de consumidores en todo el mundo. Sin embargo, esta conexi\u00f3n no es sim\u00e9trica: el valor y el riesgo se distribuyen de forma muy desigual. Es fundamental comprender esta dualidad para operar en el sector.<\/p>\n<hr \/>\n<h2><i class=\"fas fa-map-marked-alt\"><\/i> El Lado de la Producci\u00f3n: Peque\u00f1os Gigantes<\/h2>\n<p>La producci\u00f3n de caf\u00e9 se caracteriza por una <strong>concentraci\u00f3n geogr\u00e1fica<\/strong> significativa y una <strong>fragmentaci\u00f3n de la propiedad<\/strong>. El caf\u00e9 se cultiva casi exclusivamente en el <em>Cintur\u00f3n del Caf\u00e9<\/em>, que abarca regiones tropicales y subtropicales en m\u00e1s de 50 pa\u00edses. Sin embargo, m\u00e1s all\u00e1 de los grandes pa\u00edses como Brasil, Vietnam y Colombia, la dependencia econ\u00f3mica del caf\u00e9 en los pa\u00edses en desarrollo es <em>extrema<\/em>.<\/p>\n<h3><i class=\"fas fa-users\"><\/i> El Dominio del Peque\u00f1o Productor<\/h3>\n<p>Una estad\u00edstica crucial es que aproximadamente el <strong>95% de las fincas de caf\u00e9<\/strong> a nivel mundial tienen menos de cinco hect\u00e1reas. Esto significa que la mayor parte del suministro global depende de las decisiones y la subsistencia de <strong>millones de peque\u00f1os caficultores<\/strong>, no de grandes corporaciones agr\u00edcolas.<\/p>\n<ul>\n<li><i class=\"fas fa-hands-helping\"><\/i> <strong>Sostenimiento Econ\u00f3mico:<\/strong> Para muchos pa\u00edses, el caf\u00e9 es la principal fuente de ingresos de exportaci\u00f3n y un pilar de la econom\u00eda rural.<\/li>\n<li><i class=\"fas fa-layer-group\"><\/i> <strong>Vulnerabilidad al Riesgo:<\/strong> La fragmentaci\u00f3n de la producci\u00f3n hace que este segmento sea el m\u00e1s vulnerable a los riesgos clim\u00e1ticos (heladas, sequ\u00edas), la volatilidad de los precios de bolsa y las plagas.<\/li>\n<\/ul>\n<h2><i class=\"fas fa-chart-bar\"><\/i> El Lado del Consumo: Una Demanda Insaciable<\/h2>\n<p>A pesar de las fluctuaciones en la producci\u00f3n, la demanda global de caf\u00e9 contin\u00faa su tendencia ascendente. El consumo se concentra principalmente en los pa\u00edses desarrollados, pero las din\u00e1micas est\u00e1n cambiando dr\u00e1sticamente.<\/p>\n<h3><i class=\"fas fa-utensils\"><\/i> Los Gigantes Tradicionales<\/h3>\n<p>Hist\u00f3ricamente, los grandes polos de consumo han sido la <strong>Uni\u00f3n Europea (UE)<\/strong> y los <strong>Estados Unidos de Am\u00e9rica (EE. UU.)<\/strong>, que en conjunto representan una porci\u00f3n masiva de las importaciones globales. Estos mercados son la fuerza motriz detr\u00e1s de la demanda de alta calidad y las exigencias de sostenibilidad y certificaci\u00f3n.<\/p>\n<h3><i class=\"fas fa-route\"><\/i> La Tendencia del Comercio Sur-Sur<\/h3>\n<p>Un fen\u00f3meno cada vez m\u00e1s relevante es el crecimiento del consumo <strong>dentro de los propios pa\u00edses productores<\/strong>. El comercio <em>Sur-Sur<\/em> y el aumento del consumo dom\u00e9stico tienen implicaciones profundas:<\/p>\n<ul>\n<li><i class=\"fas fa-hand-holding-box\"><\/i> **Valor Agregado en Origen:** Al consumir su propio caf\u00e9, los pa\u00edses productores tienen la oportunidad de capturar el valor de los procesos de tostado y retail, que tradicionalmente se perd\u00eda en los pa\u00edses de destino.<\/li>\n<li><i class=\"fas fa-coffee\"><\/i> **Cultura de Calidad Dom\u00e9stica:** Esto impulsa el desarrollo de culturas cafeteras locales, demandando caf\u00e9 de mayor calidad y, por ende, fomentando la inversi\u00f3n en las fincas.<\/li>\n<\/ul>\n<h2><i class=\"fas fa-balance-scale-left\"><\/i> La Brecha del Valor: Desequilibrio Estructural<\/h2>\n<p>El punto m\u00e1s educativo y cr\u00edtico que se extrae del an\u00e1lisis de producci\u00f3n y consumo es la <strong>asimetr\u00eda en la distribuci\u00f3n de la riqueza<\/strong>. El productor asume la mayor parte del riesgo (clim\u00e1tico, precio, plagas) pero captura la menor parte del valor. Los tostadores y minoristas en los pa\u00edses consumidores, que asumen menos riesgos f\u00edsicos, capturan la mayor parte del margen a trav\u00e9s de procesos de <em>branding<\/em> y <em>retail<\/em>.<\/p>\n<p>Esta brecha impulsa la necesidad de las nuevas m\u00e9tricas del ITC.<\/p>\n<h2><i class=\"fas fa-chart-pie\"><\/i> El Dato que Cambia el Juego: Segmentaci\u00f3n por Calidad<\/h2>\n<p>El **ITC** enfatiza que las viejas estad\u00edsticas basadas solo en <strong>Ar\u00e1bica y Robusta<\/strong> ocultan la verdad sobre el valor. Por ello, la Cuarta Edici\u00f3n de la gu\u00eda insiste en segmentar los datos de producci\u00f3n y consumo bas\u00e1ndose en la calidad y el precio:<\/p>\n<ol>\n<li><i class=\"fas fa-tag\"><\/i> <strong>Caf\u00e9 Est\u00e1ndar:<\/strong> El grueso del volumen de mercado.<\/li>\n<li><i class=\"fas fa-tag\"><\/i> <strong>Caf\u00e9 Premium:<\/strong> Calidad superior vendida con un diferencial sobre el precio de bolsa.<\/li>\n<li><i class=\"fas fa-tag\"><\/i> <strong>Caf\u00e9 de Especialidad:<\/strong> Alta puntuaci\u00f3n (80+), trazabilidad y precios desconectados de la bolsa.<\/li>\n<\/ol>\n<p><strong>Conclusi\u00f3n:<\/strong> El futuro del comercio de caf\u00e9 depende de la capacidad de los pa\u00edses productores para moverse de la producci\u00f3n de volumen (Caf\u00e9 Est\u00e1ndar) a la producci\u00f3n de valor (Caf\u00e9 Premium y de Especialidad), capturando as\u00ed un margen que les permita alcanzar el <em>Ingreso Digno<\/em> y sostener la producci\u00f3n a largo plazo.<\/p>\n<\/div>\n","protected":false},"excerpt":{"rendered":"<p>El mercado del caf\u00e9 es una intrincada red global que conecta a millones de peque\u00f1os agricultores en el Cintur\u00f3n del Caf\u00e9 con miles de millones de consumidores en todo el mundo. Sin embargo, esta conexi\u00f3n no es sim\u00e9trica: el valor y el riesgo se distribuyen de forma muy desigual. Es fundamental comprender esta dualidad para [&hellip;]<\/p>\n","protected":false},"author":1,"featured_media":0,"comment_status":"open","ping_status":"closed","sticky":false,"template":"","format":"standard","meta":{"om_disable_all_campaigns":false,"footnotes":""},"categories":[37],"tags":[],"class_list":["post-8804","post","type-post","status-publish","format-standard","hentry","category-blog"],"_links":{"self":[{"href":"https:\/\/andaterra.cl\/bl\/wp-json\/wp\/v2\/posts\/8804","targetHints":{"allow":["GET"]}}],"collection":[{"href":"https:\/\/andaterra.cl\/bl\/wp-json\/wp\/v2\/posts"}],"about":[{"href":"https:\/\/andaterra.cl\/bl\/wp-json\/wp\/v2\/types\/post"}],"author":[{"embeddable":true,"href":"https:\/\/andaterra.cl\/bl\/wp-json\/wp\/v2\/users\/1"}],"replies":[{"embeddable":true,"href":"https:\/\/andaterra.cl\/bl\/wp-json\/wp\/v2\/comments?post=8804"}],"version-history":[{"count":2,"href":"https:\/\/andaterra.cl\/bl\/wp-json\/wp\/v2\/posts\/8804\/revisions"}],"predecessor-version":[{"id":8806,"href":"https:\/\/andaterra.cl\/bl\/wp-json\/wp\/v2\/posts\/8804\/revisions\/8806"}],"wp:attachment":[{"href":"https:\/\/andaterra.cl\/bl\/wp-json\/wp\/v2\/media?parent=8804"}],"wp:term":[{"taxonomy":"category","embeddable":true,"href":"https:\/\/andaterra.cl\/bl\/wp-json\/wp\/v2\/categories?post=8804"},{"taxonomy":"post_tag","embeddable":true,"href":"https:\/\/andaterra.cl\/bl\/wp-json\/wp\/v2\/tags?post=8804"}],"curies":[{"name":"wp","href":"https:\/\/api.w.org\/{rel}","templated":true}]}}